{"id":1,"date":"2024-01-16T09:45:15","date_gmt":"2024-01-16T08:45:15","guid":{"rendered":"https:\/\/www.grupoasinfarma.churbayportillo.com\/seminario-expertos\/?p=1"},"modified":"2025-12-30T10:20:40","modified_gmt":"2025-12-30T09:20:40","slug":"impacto-del-anexo-1-de-un-proceso-de-dosificado-aseptico-convencional-al-uso-de-rabs","status":"publish","type":"post","link":"https:\/\/www.asinfarma.com\/seminario-expertos\/2024\/impacto-del-anexo-1-de-un-proceso-de-dosificado-aseptico-convencional-al-uso-de-rabs\/","title":{"rendered":"Impacto del Anexo 1: De un proceso de dosificado as\u00e9ptico convencional al uso de RABS"},"content":{"rendered":"\n<div class=\"wp-block-columns is-layout-flex wp-container-core-columns-is-layout-9d6595d7 wp-block-columns-is-layout-flex\">\n<div class=\"wp-block-column is-layout-flow wp-block-column-is-layout-flow\">\n<p><strong>Ponente<\/strong>: <em>Laura Rojas, INIBSA<\/em><\/p>\n\n\n\n<p>Presentaci\u00f3n del proyecto de adaptaci\u00f3n de una l\u00ednea de llenado as\u00e9ptico a los nuevos requisitos del Anexo 1 mediante la instalaci\u00f3n de un RABS. Revisi\u00f3n del ciclo de vida del proyecto:<\/p>\n\n\n\n<ul class=\"wp-block-list\">\n<li>Dise\u00f1o del equipo y mock-up<\/li>\n\n\n\n<li>Ejecuci\u00f3n de la instalaci\u00f3n y validaci\u00f3n del equipo<\/li>\n\n\n\n<li>Formaci\u00f3n del personal<\/li>\n\n\n\n<li>Puntos cr\u00edticos del proyecto<\/li>\n<\/ul>\n<\/div>\n\n\n\n<div class=\"wp-block-column is-layout-flow wp-block-column-is-layout-flow\">\n<div id=\"LauraRojas\" class=\"wp-block-group round has-global-color-13-background-color has-background\"><div class=\"wp-block-group__inner-container is-layout-flow wp-block-group-is-layout-flow\"><div class=\"wp-block-image is-style-rounded\">\n<figure class=\"aligncenter size-thumbnail is-resized\"><img loading=\"lazy\" decoding=\"async\" width=\"150\" height=\"150\" src=\"https:\/\/www.asinfarma.com\/seminario-expertos\/wp-content\/uploads\/sites\/2\/2024\/01\/Laura-Rojas-150x150.jpg\" alt=\"Laura Rojas\" class=\"wp-image-239\" style=\"width:200px\" srcset=\"https:\/\/www.asinfarma.com\/seminario-expertos\/wp-content\/uploads\/sites\/2\/2024\/01\/Laura-Rojas-150x150.jpg 150w, https:\/\/www.asinfarma.com\/seminario-expertos\/wp-content\/uploads\/sites\/2\/2024\/01\/Laura-Rojas.jpg 200w\" sizes=\"auto, (max-width: 150px) 100vw, 150px\" \/><\/figure><\/div>\n\n\n<div style=\"height:20px\" aria-hidden=\"true\" class=\"wp-block-spacer\"><\/div>\n\n\n\n<p class=\"has-text-align-center\"><strong>Laura Rojas<\/strong><\/p>\n\n\n\n<p class=\"has-text-align-center\" style=\"font-size:15px\"><strong>Continuous Improvement &amp; Project Management Manufacturing Expert<\/strong> INIBSA <\/p>\n\n\n<div style=\"font-size:15px\"><div class=\"su-expand su-expand-collapsed su-expand-link-style-underlined\" data-height=\"1\"><div class=\"su-expand-content su-u-trim\" style=\"color:#333333;max-height:1px;overflow:hidden\">\n\n\n\n<p style=\"font-size:15px\">Cuenta con m\u00e1s de 10 a\u00f1os de experiencia en la industria farmac\u00e9utica, espec\u00edficamente en la fabricaci\u00f3n de productos est\u00e9riles. Asumiendo roles de t\u00e9cnico de producci\u00f3n en el \u00e1rea de est\u00e9riles (soluci\u00f3n inyectable) y actualmente como experta de proyectos y mejora continua en el \u00e1rea de producci\u00f3n de Laboratorios Inibsa<\/p>\n\n\n<\/div><div class=\"su-expand-link su-expand-link-more\" style=\"text-align:center\"><a href=\"javascript:;\" style=\"color:#176585;border-color:#176585\"><i class=\"sui sui-plus\" style=\"\" aria-label=\"\"><\/i><span style=\"border-color:#176585\">Ver m\u00e1s<\/span><\/a><\/div><div class=\"su-expand-link su-expand-link-less\" style=\"text-align:center\"><a href=\"javascript:;\" style=\"color:#176585;border-color:#176585\"><i class=\"sui sui-minus\" style=\"\" aria-label=\"\"><\/i><span style=\"border-color:#176585\">Ver menos<\/span><\/a><\/div><\/div><\/div>\n<\/div><\/div>\n\n\n\n<div style=\"height:20px\" aria-hidden=\"true\" class=\"wp-block-spacer\"><\/div>\n<\/div>\n\n\n\n<div class=\"wp-block-column is-layout-flow wp-block-column-is-layout-flow\">\n<figure class=\"wp-block-image size-large\"><img decoding=\"async\" src=\"https:\/\/www.asinfarma.com\/seminario-expertos\/wp-content\/uploads\/sites\/2\/2024\/01\/logo-seminario-expertos.svg\" alt=\"Seminario expertos en procesos as\u00e9pticos\" class=\"wp-image-164\"\/><\/figure>\n<\/div>\n<\/div>\n","protected":false},"excerpt":{"rendered":"<p>Ponente: Laura Rojas, INIBSA Presentaci\u00f3n del proyecto de adaptaci\u00f3n de una l\u00ednea de llenado as\u00e9ptico a los nuevos requisitos del Anexo 1 mediante la instalaci\u00f3n de un RABS. Revisi\u00f3n del ciclo de vida del proyecto: Laura Rojas Continuous Improvement &amp; Project Management Manufacturing Expert INIBSA<\/p>\n","protected":false},"author":3,"featured_media":0,"comment_status":"open","ping_status":"open","sticky":false,"template":"","format":"standard","meta":{"inline_featured_image":false,"footnotes":""},"categories":[1],"tags":[9],"class_list":["post-1","post","type-post","status-publish","format-standard","hentry","category-sin-categoria","tag-9","generate-columns","tablet-grid-50","mobile-grid-100","grid-parent","grid-50"],"yoast_head":"<!-- This site is optimized with the Yoast SEO plugin v26.9 - https:\/\/yoast.com\/product\/yoast-seo-wordpress\/ -->\n<title>Impacto del Anexo 1: De un proceso de dosificado as\u00e9ptico convencional al uso de RABS - Seminario de expertos<\/title>\n<meta name=\"description\" content=\"Presentaci\u00f3n del proyecto de adaptaci\u00f3n de una l\u00ednea de llenado as\u00e9ptico a los nuevos requisitos del Anexo 1 mediante la instalaci\u00f3n de un RABS. Revisi\u00f3n del ciclo de vida del proyecto.\" \/>\n<meta name=\"robots\" content=\"index, follow, max-snippet:-1, max-image-preview:large, max-video-preview:-1\" \/>\n<link rel=\"canonical\" href=\"https:\/\/www.asinfarma.com\/seminario-expertos\/2024\/impacto-del-anexo-1-de-un-proceso-de-dosificado-aseptico-convencional-al-uso-de-rabs\/\" \/>\n<meta property=\"og:locale\" content=\"es_ES\" \/>\n<meta property=\"og:type\" content=\"article\" \/>\n<meta property=\"og:title\" content=\"Impacto del Anexo 1: De un proceso de dosificado as\u00e9ptico convencional al uso de RABS - Seminario de expertos\" \/>\n<meta property=\"og:description\" content=\"Presentaci\u00f3n del proyecto de adaptaci\u00f3n de una l\u00ednea de llenado as\u00e9ptico a los nuevos requisitos del Anexo 1 mediante la instalaci\u00f3n de un RABS. Revisi\u00f3n del ciclo de vida del proyecto.\" \/>\n<meta property=\"og:url\" content=\"https:\/\/www.asinfarma.com\/seminario-expertos\/2024\/impacto-del-anexo-1-de-un-proceso-de-dosificado-aseptico-convencional-al-uso-de-rabs\/\" \/>\n<meta property=\"og:site_name\" content=\"Seminario de expertos\" \/>\n<meta property=\"article:published_time\" content=\"2024-01-16T08:45:15+00:00\" \/>\n<meta property=\"article:modified_time\" content=\"2025-12-30T09:20:40+00:00\" \/>\n<meta property=\"og:image\" content=\"https:\/\/www.asinfarma.com\/seminario-expertos\/wp-content\/uploads\/sites\/2\/2024\/01\/Laura-Rojas.jpg\" \/>\n\t<meta property=\"og:image:width\" content=\"200\" \/>\n\t<meta property=\"og:image:height\" content=\"200\" \/>\n\t<meta property=\"og:image:type\" content=\"image\/jpeg\" \/>\n<meta name=\"author\" content=\"Grupo Asinfarma\" \/>\n<meta name=\"twitter:card\" content=\"summary_large_image\" \/>\n<meta name=\"twitter:creator\" content=\"@https:\/\/twitter.com\/fernandotazon\" \/>\n<meta name=\"twitter:label1\" content=\"Escrito por\" \/>\n\t<meta name=\"twitter:data1\" content=\"Grupo Asinfarma\" \/>\n\t<meta name=\"twitter:label2\" content=\"Tiempo de lectura\" \/>\n\t<meta name=\"twitter:data2\" content=\"1 minuto\" \/>\n<script type=\"application\/ld+json\" class=\"yoast-schema-graph\">{\"@context\":\"https:\/\/schema.org\",\"@graph\":[{\"@type\":\"Article\",\"@id\":\"https:\/\/www.asinfarma.com\/seminario-expertos\/2024\/impacto-del-anexo-1-de-un-proceso-de-dosificado-aseptico-convencional-al-uso-de-rabs\/#article\",\"isPartOf\":{\"@id\":\"https:\/\/www.asinfarma.com\/seminario-expertos\/2024\/impacto-del-anexo-1-de-un-proceso-de-dosificado-aseptico-convencional-al-uso-de-rabs\/\"},\"author\":{\"name\":\"Grupo Asinfarma\",\"@id\":\"https:\/\/www.asinfarma.com\/seminario-expertos\/#\/schema\/person\/de0adbd7b7d88b8867bb21dec5260ebd\"},\"headline\":\"Impacto del Anexo 1: De un proceso de dosificado as\u00e9ptico convencional al uso de RABS\",\"datePublished\":\"2024-01-16T08:45:15+00:00\",\"dateModified\":\"2025-12-30T09:20:40+00:00\",\"mainEntityOfPage\":{\"@id\":\"https:\/\/www.asinfarma.com\/seminario-expertos\/2024\/impacto-del-anexo-1-de-un-proceso-de-dosificado-aseptico-convencional-al-uso-de-rabs\/\"},\"wordCount\":180,\"commentCount\":0,\"publisher\":{\"@id\":\"https:\/\/www.asinfarma.com\/seminario-expertos\/#organization\"},\"image\":{\"@id\":\"https:\/\/www.asinfarma.com\/seminario-expertos\/2024\/impacto-del-anexo-1-de-un-proceso-de-dosificado-aseptico-convencional-al-uso-de-rabs\/#primaryimage\"},\"thumbnailUrl\":\"https:\/\/www.asinfarma.com\/seminario-expertos\/wp-content\/uploads\/sites\/2\/2024\/01\/Laura-Rojas-150x150.jpg\",\"keywords\":[\"2024\"],\"inLanguage\":\"es\"},{\"@type\":\"WebPage\",\"@id\":\"https:\/\/www.asinfarma.com\/seminario-expertos\/2024\/impacto-del-anexo-1-de-un-proceso-de-dosificado-aseptico-convencional-al-uso-de-rabs\/\",\"url\":\"https:\/\/www.asinfarma.com\/seminario-expertos\/2024\/impacto-del-anexo-1-de-un-proceso-de-dosificado-aseptico-convencional-al-uso-de-rabs\/\",\"name\":\"Impacto del Anexo 1: De un proceso de dosificado as\u00e9ptico convencional al uso de RABS - Seminario de expertos\",\"isPartOf\":{\"@id\":\"https:\/\/www.asinfarma.com\/seminario-expertos\/#website\"},\"primaryImageOfPage\":{\"@id\":\"https:\/\/www.asinfarma.com\/seminario-expertos\/2024\/impacto-del-anexo-1-de-un-proceso-de-dosificado-aseptico-convencional-al-uso-de-rabs\/#primaryimage\"},\"image\":{\"@id\":\"https:\/\/www.asinfarma.com\/seminario-expertos\/2024\/impacto-del-anexo-1-de-un-proceso-de-dosificado-aseptico-convencional-al-uso-de-rabs\/#primaryimage\"},\"thumbnailUrl\":\"https:\/\/www.asinfarma.com\/seminario-expertos\/wp-content\/uploads\/sites\/2\/2024\/01\/Laura-Rojas-150x150.jpg\",\"datePublished\":\"2024-01-16T08:45:15+00:00\",\"dateModified\":\"2025-12-30T09:20:40+00:00\",\"description\":\"Presentaci\u00f3n del proyecto de adaptaci\u00f3n de una l\u00ednea de llenado as\u00e9ptico a los nuevos requisitos del Anexo 1 mediante la instalaci\u00f3n de un RABS. Revisi\u00f3n del ciclo de vida del proyecto.\",\"inLanguage\":\"es\",\"potentialAction\":[{\"@type\":\"ReadAction\",\"target\":[\"https:\/\/www.asinfarma.com\/seminario-expertos\/2024\/impacto-del-anexo-1-de-un-proceso-de-dosificado-aseptico-convencional-al-uso-de-rabs\/\"]}]},{\"@type\":\"ImageObject\",\"inLanguage\":\"es\",\"@id\":\"https:\/\/www.asinfarma.com\/seminario-expertos\/2024\/impacto-del-anexo-1-de-un-proceso-de-dosificado-aseptico-convencional-al-uso-de-rabs\/#primaryimage\",\"url\":\"https:\/\/www.asinfarma.com\/seminario-expertos\/wp-content\/uploads\/sites\/2\/2024\/01\/Laura-Rojas.jpg\",\"contentUrl\":\"https:\/\/www.asinfarma.com\/seminario-expertos\/wp-content\/uploads\/sites\/2\/2024\/01\/Laura-Rojas.jpg\",\"width\":200,\"height\":200,\"caption\":\"Laura Rojas\"},{\"@type\":\"WebSite\",\"@id\":\"https:\/\/www.asinfarma.com\/seminario-expertos\/#website\",\"url\":\"https:\/\/www.asinfarma.com\/seminario-expertos\/\",\"name\":\"Seminario de expertos\",\"description\":\"\",\"publisher\":{\"@id\":\"https:\/\/www.asinfarma.com\/seminario-expertos\/#organization\"},\"potentialAction\":[{\"@type\":\"SearchAction\",\"target\":{\"@type\":\"EntryPoint\",\"urlTemplate\":\"https:\/\/www.asinfarma.com\/seminario-expertos\/?s={search_term_string}\"},\"query-input\":{\"@type\":\"PropertyValueSpecification\",\"valueRequired\":true,\"valueName\":\"search_term_string\"}}],\"inLanguage\":\"es\"},{\"@type\":\"Organization\",\"@id\":\"https:\/\/www.asinfarma.com\/seminario-expertos\/#organization\",\"name\":\"Seminario de expertos\",\"url\":\"https:\/\/www.asinfarma.com\/seminario-expertos\/\",\"logo\":{\"@type\":\"ImageObject\",\"inLanguage\":\"es\",\"@id\":\"https:\/\/www.asinfarma.com\/seminario-expertos\/#\/schema\/logo\/image\/\",\"url\":\"https:\/\/www.asinfarma.com\/seminario-expertos\/wp-content\/uploads\/sites\/2\/2025\/02\/logo-seminario-expertos_color.svg\",\"contentUrl\":\"https:\/\/www.asinfarma.com\/seminario-expertos\/wp-content\/uploads\/sites\/2\/2025\/02\/logo-seminario-expertos_color.svg\",\"caption\":\"Seminario de expertos\"},\"image\":{\"@id\":\"https:\/\/www.asinfarma.com\/seminario-expertos\/#\/schema\/logo\/image\/\"}},{\"@type\":\"Person\",\"@id\":\"https:\/\/www.asinfarma.com\/seminario-expertos\/#\/schema\/person\/de0adbd7b7d88b8867bb21dec5260ebd\",\"name\":\"Grupo Asinfarma\",\"image\":{\"@type\":\"ImageObject\",\"inLanguage\":\"es\",\"@id\":\"https:\/\/www.asinfarma.com\/seminario-expertos\/#\/schema\/person\/image\/\",\"url\":\"https:\/\/secure.gravatar.com\/avatar\/8258fd76b5da8a5c6cf6075c6e25461303a3a3b17f6b1207586d5cc0dcae5aec?s=96&d=mm&r=g\",\"contentUrl\":\"https:\/\/secure.gravatar.com\/avatar\/8258fd76b5da8a5c6cf6075c6e25461303a3a3b17f6b1207586d5cc0dcae5aec?s=96&d=mm&r=g\",\"caption\":\"Grupo Asinfarma\"},\"description\":\"Farmac\u00e9utico por la Universidad de Buenos Aires y Especialista en Farmacia Industrial y Gal\u00e9nica por la Universidad de Barcelona, con m\u00e1s de 35 a\u00f1os de experiencia en industria farmac\u00e9utica, en laboratorios de primer nivel, nacionales y multinacionales, en \u00e1reas de I+D, Control de Calidad, Producci\u00f3n, Ingenier\u00eda, Garant\u00eda de Calidad y Direcci\u00f3n T\u00e9cnica.\",\"sameAs\":[\"https:\/\/www.fernandotazon.com.es\",\"https:\/\/x.com\/https:\/\/twitter.com\/fernandotazon\"],\"url\":\"https:\/\/www.asinfarma.com\/seminario-expertos\/author\/fernando\/\"}]}<\/script>\n<!-- \/ Yoast SEO plugin. -->","yoast_head_json":{"title":"Impacto del Anexo 1: De un proceso de dosificado as\u00e9ptico convencional al uso de RABS - Seminario de expertos","description":"Presentaci\u00f3n del proyecto de adaptaci\u00f3n de una l\u00ednea de llenado as\u00e9ptico a los nuevos requisitos del Anexo 1 mediante la instalaci\u00f3n de un RABS. Revisi\u00f3n del ciclo de vida del proyecto.","robots":{"index":"index","follow":"follow","max-snippet":"max-snippet:-1","max-image-preview":"max-image-preview:large","max-video-preview":"max-video-preview:-1"},"canonical":"https:\/\/www.asinfarma.com\/seminario-expertos\/2024\/impacto-del-anexo-1-de-un-proceso-de-dosificado-aseptico-convencional-al-uso-de-rabs\/","og_locale":"es_ES","og_type":"article","og_title":"Impacto del Anexo 1: De un proceso de dosificado as\u00e9ptico convencional al uso de RABS - Seminario de expertos","og_description":"Presentaci\u00f3n del proyecto de adaptaci\u00f3n de una l\u00ednea de llenado as\u00e9ptico a los nuevos requisitos del Anexo 1 mediante la instalaci\u00f3n de un RABS. Revisi\u00f3n del ciclo de vida del proyecto.","og_url":"https:\/\/www.asinfarma.com\/seminario-expertos\/2024\/impacto-del-anexo-1-de-un-proceso-de-dosificado-aseptico-convencional-al-uso-de-rabs\/","og_site_name":"Seminario de expertos","article_published_time":"2024-01-16T08:45:15+00:00","article_modified_time":"2025-12-30T09:20:40+00:00","og_image":[{"width":200,"height":200,"url":"https:\/\/www.asinfarma.com\/seminario-expertos\/wp-content\/uploads\/sites\/2\/2024\/01\/Laura-Rojas.jpg","type":"image\/jpeg"}],"author":"Grupo Asinfarma","twitter_card":"summary_large_image","twitter_creator":"@https:\/\/twitter.com\/fernandotazon","twitter_misc":{"Escrito por":"Grupo Asinfarma","Tiempo de lectura":"1 minuto"},"schema":{"@context":"https:\/\/schema.org","@graph":[{"@type":"Article","@id":"https:\/\/www.asinfarma.com\/seminario-expertos\/2024\/impacto-del-anexo-1-de-un-proceso-de-dosificado-aseptico-convencional-al-uso-de-rabs\/#article","isPartOf":{"@id":"https:\/\/www.asinfarma.com\/seminario-expertos\/2024\/impacto-del-anexo-1-de-un-proceso-de-dosificado-aseptico-convencional-al-uso-de-rabs\/"},"author":{"name":"Grupo Asinfarma","@id":"https:\/\/www.asinfarma.com\/seminario-expertos\/#\/schema\/person\/de0adbd7b7d88b8867bb21dec5260ebd"},"headline":"Impacto del Anexo 1: De un proceso de dosificado as\u00e9ptico convencional al uso de RABS","datePublished":"2024-01-16T08:45:15+00:00","dateModified":"2025-12-30T09:20:40+00:00","mainEntityOfPage":{"@id":"https:\/\/www.asinfarma.com\/seminario-expertos\/2024\/impacto-del-anexo-1-de-un-proceso-de-dosificado-aseptico-convencional-al-uso-de-rabs\/"},"wordCount":180,"commentCount":0,"publisher":{"@id":"https:\/\/www.asinfarma.com\/seminario-expertos\/#organization"},"image":{"@id":"https:\/\/www.asinfarma.com\/seminario-expertos\/2024\/impacto-del-anexo-1-de-un-proceso-de-dosificado-aseptico-convencional-al-uso-de-rabs\/#primaryimage"},"thumbnailUrl":"https:\/\/www.asinfarma.com\/seminario-expertos\/wp-content\/uploads\/sites\/2\/2024\/01\/Laura-Rojas-150x150.jpg","keywords":["2024"],"inLanguage":"es"},{"@type":"WebPage","@id":"https:\/\/www.asinfarma.com\/seminario-expertos\/2024\/impacto-del-anexo-1-de-un-proceso-de-dosificado-aseptico-convencional-al-uso-de-rabs\/","url":"https:\/\/www.asinfarma.com\/seminario-expertos\/2024\/impacto-del-anexo-1-de-un-proceso-de-dosificado-aseptico-convencional-al-uso-de-rabs\/","name":"Impacto del Anexo 1: De un proceso de dosificado as\u00e9ptico convencional al uso de RABS - Seminario de expertos","isPartOf":{"@id":"https:\/\/www.asinfarma.com\/seminario-expertos\/#website"},"primaryImageOfPage":{"@id":"https:\/\/www.asinfarma.com\/seminario-expertos\/2024\/impacto-del-anexo-1-de-un-proceso-de-dosificado-aseptico-convencional-al-uso-de-rabs\/#primaryimage"},"image":{"@id":"https:\/\/www.asinfarma.com\/seminario-expertos\/2024\/impacto-del-anexo-1-de-un-proceso-de-dosificado-aseptico-convencional-al-uso-de-rabs\/#primaryimage"},"thumbnailUrl":"https:\/\/www.asinfarma.com\/seminario-expertos\/wp-content\/uploads\/sites\/2\/2024\/01\/Laura-Rojas-150x150.jpg","datePublished":"2024-01-16T08:45:15+00:00","dateModified":"2025-12-30T09:20:40+00:00","description":"Presentaci\u00f3n del proyecto de adaptaci\u00f3n de una l\u00ednea de llenado as\u00e9ptico a los nuevos requisitos del Anexo 1 mediante la instalaci\u00f3n de un RABS. Revisi\u00f3n del ciclo de vida del proyecto.","inLanguage":"es","potentialAction":[{"@type":"ReadAction","target":["https:\/\/www.asinfarma.com\/seminario-expertos\/2024\/impacto-del-anexo-1-de-un-proceso-de-dosificado-aseptico-convencional-al-uso-de-rabs\/"]}]},{"@type":"ImageObject","inLanguage":"es","@id":"https:\/\/www.asinfarma.com\/seminario-expertos\/2024\/impacto-del-anexo-1-de-un-proceso-de-dosificado-aseptico-convencional-al-uso-de-rabs\/#primaryimage","url":"https:\/\/www.asinfarma.com\/seminario-expertos\/wp-content\/uploads\/sites\/2\/2024\/01\/Laura-Rojas.jpg","contentUrl":"https:\/\/www.asinfarma.com\/seminario-expertos\/wp-content\/uploads\/sites\/2\/2024\/01\/Laura-Rojas.jpg","width":200,"height":200,"caption":"Laura Rojas"},{"@type":"WebSite","@id":"https:\/\/www.asinfarma.com\/seminario-expertos\/#website","url":"https:\/\/www.asinfarma.com\/seminario-expertos\/","name":"Seminario de expertos","description":"","publisher":{"@id":"https:\/\/www.asinfarma.com\/seminario-expertos\/#organization"},"potentialAction":[{"@type":"SearchAction","target":{"@type":"EntryPoint","urlTemplate":"https:\/\/www.asinfarma.com\/seminario-expertos\/?s={search_term_string}"},"query-input":{"@type":"PropertyValueSpecification","valueRequired":true,"valueName":"search_term_string"}}],"inLanguage":"es"},{"@type":"Organization","@id":"https:\/\/www.asinfarma.com\/seminario-expertos\/#organization","name":"Seminario de expertos","url":"https:\/\/www.asinfarma.com\/seminario-expertos\/","logo":{"@type":"ImageObject","inLanguage":"es","@id":"https:\/\/www.asinfarma.com\/seminario-expertos\/#\/schema\/logo\/image\/","url":"https:\/\/www.asinfarma.com\/seminario-expertos\/wp-content\/uploads\/sites\/2\/2025\/02\/logo-seminario-expertos_color.svg","contentUrl":"https:\/\/www.asinfarma.com\/seminario-expertos\/wp-content\/uploads\/sites\/2\/2025\/02\/logo-seminario-expertos_color.svg","caption":"Seminario de expertos"},"image":{"@id":"https:\/\/www.asinfarma.com\/seminario-expertos\/#\/schema\/logo\/image\/"}},{"@type":"Person","@id":"https:\/\/www.asinfarma.com\/seminario-expertos\/#\/schema\/person\/de0adbd7b7d88b8867bb21dec5260ebd","name":"Grupo Asinfarma","image":{"@type":"ImageObject","inLanguage":"es","@id":"https:\/\/www.asinfarma.com\/seminario-expertos\/#\/schema\/person\/image\/","url":"https:\/\/secure.gravatar.com\/avatar\/8258fd76b5da8a5c6cf6075c6e25461303a3a3b17f6b1207586d5cc0dcae5aec?s=96&d=mm&r=g","contentUrl":"https:\/\/secure.gravatar.com\/avatar\/8258fd76b5da8a5c6cf6075c6e25461303a3a3b17f6b1207586d5cc0dcae5aec?s=96&d=mm&r=g","caption":"Grupo Asinfarma"},"description":"Farmac\u00e9utico por la Universidad de Buenos Aires y Especialista en Farmacia Industrial y Gal\u00e9nica por la Universidad de Barcelona, con m\u00e1s de 35 a\u00f1os de experiencia en industria farmac\u00e9utica, en laboratorios de primer nivel, nacionales y multinacionales, en \u00e1reas de I+D, Control de Calidad, Producci\u00f3n, Ingenier\u00eda, Garant\u00eda de Calidad y Direcci\u00f3n T\u00e9cnica.","sameAs":["https:\/\/www.fernandotazon.com.es","https:\/\/x.com\/https:\/\/twitter.com\/fernandotazon"],"url":"https:\/\/www.asinfarma.com\/seminario-expertos\/author\/fernando\/"}]}},"_links":{"self":[{"href":"https:\/\/www.asinfarma.com\/seminario-expertos\/wp-json\/wp\/v2\/posts\/1","targetHints":{"allow":["GET"]}}],"collection":[{"href":"https:\/\/www.asinfarma.com\/seminario-expertos\/wp-json\/wp\/v2\/posts"}],"about":[{"href":"https:\/\/www.asinfarma.com\/seminario-expertos\/wp-json\/wp\/v2\/types\/post"}],"author":[{"embeddable":true,"href":"https:\/\/www.asinfarma.com\/seminario-expertos\/wp-json\/wp\/v2\/users\/3"}],"replies":[{"embeddable":true,"href":"https:\/\/www.asinfarma.com\/seminario-expertos\/wp-json\/wp\/v2\/comments?post=1"}],"version-history":[{"count":1,"href":"https:\/\/www.asinfarma.com\/seminario-expertos\/wp-json\/wp\/v2\/posts\/1\/revisions"}],"predecessor-version":[{"id":811,"href":"https:\/\/www.asinfarma.com\/seminario-expertos\/wp-json\/wp\/v2\/posts\/1\/revisions\/811"}],"wp:attachment":[{"href":"https:\/\/www.asinfarma.com\/seminario-expertos\/wp-json\/wp\/v2\/media?parent=1"}],"wp:term":[{"taxonomy":"category","embeddable":true,"href":"https:\/\/www.asinfarma.com\/seminario-expertos\/wp-json\/wp\/v2\/categories?post=1"},{"taxonomy":"post_tag","embeddable":true,"href":"https:\/\/www.asinfarma.com\/seminario-expertos\/wp-json\/wp\/v2\/tags?post=1"}],"curies":[{"name":"wp","href":"https:\/\/api.w.org\/{rel}","templated":true}]}}