{"id":823,"date":"2026-01-07T09:59:24","date_gmt":"2026-01-07T08:59:24","guid":{"rendered":"https:\/\/www.asinfarma.com\/seminario-expertos\/?p=823"},"modified":"2026-03-30T12:58:25","modified_gmt":"2026-03-30T10:58:25","slug":"evaluar-priorizar-y-controlar-claves-actuales-de-la-gestion-de-riesgos-en-procesos-asepticos","status":"publish","type":"post","link":"https:\/\/www.asinfarma.com\/seminario-expertos\/2026\/evaluar-priorizar-y-controlar-claves-actuales-de-la-gestion-de-riesgos-en-procesos-asepticos\/","title":{"rendered":"Evaluar, priorizar y controlar: claves actuales de la gesti\u00f3n de riesgos en procesos as\u00e9pticos"},"content":{"rendered":"\n<div class=\"wp-block-columns is-layout-flex wp-container-core-columns-is-layout-9d6595d7 wp-block-columns-is-layout-flex\">\n<div class=\"wp-block-column is-layout-flow wp-block-column-is-layout-flow\">\n<p><strong>Ponente<\/strong>: <em><em><em><strong><em><strong><a href=\"https:\/\/www.asinfarma.com\/seminario-expertos\/ponentes-2026#Elena-Tejada\">E<\/a><\/strong><a href=\"https:\/\/www.asinfarma.com\/seminario-expertos\/ponentes-2026#Elena-Tejada\"><strong>lena Teja<\/strong>da<\/a>, <\/em><\/strong><em>ASINFARMA<\/em><\/em><\/em><\/em><\/p>\n\n\n\n<p>\u00bfC\u00f3mo evaluar, priorizar y controlar los riesgos reales en los procesos as\u00e9pticos?<br>Se presenta un enfoque pr\u00e1ctico de la gesti\u00f3n de riesgos como base para el control efectivo de la contaminaci\u00f3n. Se abordar\u00e1 c\u00f3mo evolucionar desde el simple cumplimiento normativo hacia una toma de decisiones basada en evidencia.<\/p>\n\n\n\n<ul class=\"wp-block-list\">\n<li>Entender por qu\u00e9 \u201ccumplir\u201d no siempre significa \u201ccontrolar el riesgo\u201d<\/li>\n\n\n\n<li>Evaluaci\u00f3n del riesgo como&nbsp;sistema vivo<\/li>\n\n\n\n<li>M\u00e1s all\u00e1 del FMEA tradicional: evaluaci\u00f3n basada en la eficacia real de los controles<\/li>\n<\/ul>\n<\/div>\n\n\n\n<div class=\"wp-block-column is-layout-flow wp-block-column-is-layout-flow\">\n<div id=\"Elena-Tejada\" class=\"wp-block-group round has-global-color-13-background-color has-background\"><div class=\"wp-block-group__inner-container is-layout-flow wp-block-group-is-layout-flow\"><div class=\"wp-block-image is-style-rounded\">\n<figure class=\"aligncenter size-thumbnail is-resized\"><img loading=\"lazy\" decoding=\"async\" width=\"150\" height=\"150\" src=\"https:\/\/www.asinfarma.com\/seminario-expertos\/wp-content\/uploads\/sites\/2\/2026\/01\/Elena-Tejada-350-150x150.jpg\" alt=\"Elena Tejada\" class=\"wp-image-904\" style=\"width:200px\" srcset=\"https:\/\/www.asinfarma.com\/seminario-expertos\/wp-content\/uploads\/sites\/2\/2026\/01\/Elena-Tejada-350-150x150.jpg 150w, https:\/\/www.asinfarma.com\/seminario-expertos\/wp-content\/uploads\/sites\/2\/2026\/01\/Elena-Tejada-350-300x300.jpg 300w, https:\/\/www.asinfarma.com\/seminario-expertos\/wp-content\/uploads\/sites\/2\/2026\/01\/Elena-Tejada-350.jpg 350w\" sizes=\"auto, (max-width: 150px) 100vw, 150px\" \/><\/figure><\/div>\n\n\n<div style=\"height:20px\" aria-hidden=\"true\" class=\"wp-block-spacer\"><\/div>\n\n\n\n<p class=\"has-text-align-center\"><strong>Elena Tejada<\/strong><\/p>\n\n\n\n<p class=\"has-text-align-center\" style=\"font-size:15px\"><strong>Gerente operativo <\/strong><br>ASINFARMA <\/p>\n\n\n<div style=\"font-size:15px\"><div class=\"su-expand su-expand-collapsed su-expand-link-style-underlined\" data-height=\"1\"><div class=\"su-expand-content su-u-trim\" style=\"color:#333333;max-height:1px;overflow:hidden\">\n\n\n\n<p style=\"font-size:15px\">Licenciada en Ciencias Qui\u0301micas (UB), ma\u0301ster en direccio\u0301n te\u0301cnica de laboratorios farmace\u0301uticos (Universidad de Oviedo), post-grado de experto en estadi\u0301stica de procesos de la industria farmace\u0301utica y a nes (UB) y actualmente realizando un PhD acerca de la implantacio\u0301n de PAT en procesos industriales (NIR).<\/p>\n\n\n\n<p style=\"font-size:15px\">Cuenta con una experiencia de ma\u0301s de 20 an\u0303os en el sector farmace\u0301utico como responsable de garanti\u0301a de calidad, liderando inspecciones de autoridades sanitarias, realizando auditori\u0301as internas y auditori\u0301as a fabricantes y laboratorios subcontratados. Desarrollo de evaluaciones estadi\u0301sticas de los resultados de validaciones y de implementacio\u0301n del ana\u0301lisis de riesgos en el sistema de calidad.<\/p>\n\n\n<\/div><div class=\"su-expand-link su-expand-link-more\" style=\"text-align:center\"><a href=\"javascript:;\" style=\"color:#176585;border-color:#176585\"><i class=\"sui sui-plus\" style=\"\" aria-label=\"\"><\/i><span style=\"border-color:#176585\">Ver m\u00e1s<\/span><\/a><\/div><div class=\"su-expand-link su-expand-link-less\" style=\"text-align:center\"><a href=\"javascript:;\" style=\"color:#176585;border-color:#176585\"><i class=\"sui sui-minus\" style=\"\" aria-label=\"\"><\/i><span style=\"border-color:#176585\">Ver menos<\/span><\/a><\/div><\/div><\/div>\n<\/div><\/div>\n\n\n\n<div style=\"height:20px\" aria-hidden=\"true\" class=\"wp-block-spacer\"><\/div>\n<\/div>\n\n\n\n<div class=\"wp-block-column is-layout-flow wp-block-column-is-layout-flow\">\n<figure class=\"wp-block-image size-large is-resized\"><img decoding=\"async\" src=\"https:\/\/www.asinfarma.com\/seminario-expertos\/wp-content\/uploads\/sites\/2\/2025\/12\/logo-seminario-expertos_color-simple.svg\" alt=\"Seminario expertos en procesos est\u00e9riles\" class=\"wp-image-605\" style=\"width:300px\"\/><\/figure>\n<\/div>\n<\/div>\n","protected":false},"excerpt":{"rendered":"<p>Ponente: Elena Tejada, ASINFARMA \u00bfC\u00f3mo evaluar, priorizar y controlar los riesgos reales en los procesos as\u00e9pticos?Se presenta un enfoque pr\u00e1ctico de la gesti\u00f3n de riesgos como base para el control efectivo de la contaminaci\u00f3n. Se abordar\u00e1 c\u00f3mo evolucionar desde el simple cumplimiento normativo hacia una toma de decisiones basada en evidencia. Elena Tejada Gerente operativo &#8230; <a title=\"Evaluar, priorizar y controlar: claves actuales de la gesti\u00f3n de riesgos en procesos as\u00e9pticos\" class=\"read-more\" href=\"https:\/\/www.asinfarma.com\/seminario-expertos\/2026\/evaluar-priorizar-y-controlar-claves-actuales-de-la-gestion-de-riesgos-en-procesos-asepticos\/\" aria-label=\"Leer m\u00e1s sobre Evaluar, priorizar y controlar: claves actuales de la gesti\u00f3n de riesgos en procesos as\u00e9pticos\">Leer m\u00e1s<\/a><\/p>\n","protected":false},"author":3,"featured_media":0,"comment_status":"closed","ping_status":"closed","sticky":false,"template":"","format":"standard","meta":{"inline_featured_image":false,"footnotes":""},"categories":[1],"tags":[10],"class_list":["post-823","post","type-post","status-publish","format-standard","hentry","category-sin-categoria","tag-10","generate-columns","tablet-grid-50","mobile-grid-100","grid-parent","grid-50"],"yoast_head":"<!-- This site is optimized with the Yoast SEO plugin v26.9 - https:\/\/yoast.com\/product\/yoast-seo-wordpress\/ -->\n<title>Evaluar, priorizar y controlar: claves actuales de la gesti\u00f3n de riesgos en procesos as\u00e9pticos - Seminario de expertos<\/title>\n<meta name=\"description\" content=\"La versi\u00f3n definitiva del Anexo 1 exceptuando la disposici\u00f3n sobre frecuencia de esterilizaci\u00f3n de los liofilizadores, entra en vigor en agosto de 2024.\" \/>\n<meta name=\"robots\" content=\"index, follow, max-snippet:-1, max-image-preview:large, max-video-preview:-1\" \/>\n<link rel=\"canonical\" href=\"https:\/\/www.asinfarma.com\/seminario-expertos\/2026\/evaluar-priorizar-y-controlar-claves-actuales-de-la-gestion-de-riesgos-en-procesos-asepticos\/\" \/>\n<meta property=\"og:locale\" content=\"es_ES\" \/>\n<meta property=\"og:type\" content=\"article\" \/>\n<meta property=\"og:title\" content=\"Evaluar, priorizar y controlar: claves actuales de la gesti\u00f3n de riesgos en procesos as\u00e9pticos - Seminario de expertos\" \/>\n<meta property=\"og:description\" content=\"La versi\u00f3n definitiva del Anexo 1 exceptuando la disposici\u00f3n sobre frecuencia de esterilizaci\u00f3n de los liofilizadores, entra en vigor en agosto de 2024.\" \/>\n<meta property=\"og:url\" content=\"https:\/\/www.asinfarma.com\/seminario-expertos\/2026\/evaluar-priorizar-y-controlar-claves-actuales-de-la-gestion-de-riesgos-en-procesos-asepticos\/\" \/>\n<meta property=\"og:site_name\" content=\"Seminario de expertos\" \/>\n<meta property=\"article:published_time\" content=\"2026-01-07T08:59:24+00:00\" \/>\n<meta property=\"article:modified_time\" content=\"2026-03-30T10:58:25+00:00\" \/>\n<meta property=\"og:image\" content=\"https:\/\/www.asinfarma.com\/seminario-expertos\/wp-content\/uploads\/sites\/2\/2026\/01\/Elena-Tejada-350.jpg\" \/>\n\t<meta property=\"og:image:width\" content=\"350\" \/>\n\t<meta property=\"og:image:height\" content=\"350\" \/>\n\t<meta property=\"og:image:type\" content=\"image\/jpeg\" \/>\n<meta name=\"author\" content=\"Grupo Asinfarma\" \/>\n<meta name=\"twitter:card\" content=\"summary_large_image\" \/>\n<meta name=\"twitter:creator\" content=\"@https:\/\/twitter.com\/fernandotazon\" \/>\n<meta name=\"twitter:label1\" content=\"Escrito por\" \/>\n\t<meta name=\"twitter:data1\" content=\"Grupo Asinfarma\" \/>\n\t<meta name=\"twitter:label2\" content=\"Tiempo de lectura\" \/>\n\t<meta name=\"twitter:data2\" content=\"2 minutos\" \/>\n<script type=\"application\/ld+json\" class=\"yoast-schema-graph\">{\"@context\":\"https:\/\/schema.org\",\"@graph\":[{\"@type\":\"Article\",\"@id\":\"https:\/\/www.asinfarma.com\/seminario-expertos\/2026\/evaluar-priorizar-y-controlar-claves-actuales-de-la-gestion-de-riesgos-en-procesos-asepticos\/#article\",\"isPartOf\":{\"@id\":\"https:\/\/www.asinfarma.com\/seminario-expertos\/2026\/evaluar-priorizar-y-controlar-claves-actuales-de-la-gestion-de-riesgos-en-procesos-asepticos\/\"},\"author\":{\"name\":\"Grupo Asinfarma\",\"@id\":\"https:\/\/www.asinfarma.com\/seminario-expertos\/#\/schema\/person\/de0adbd7b7d88b8867bb21dec5260ebd\"},\"headline\":\"Evaluar, priorizar y controlar: claves actuales de la gesti\u00f3n de riesgos en procesos as\u00e9pticos\",\"datePublished\":\"2026-01-07T08:59:24+00:00\",\"dateModified\":\"2026-03-30T10:58:25+00:00\",\"mainEntityOfPage\":{\"@id\":\"https:\/\/www.asinfarma.com\/seminario-expertos\/2026\/evaluar-priorizar-y-controlar-claves-actuales-de-la-gestion-de-riesgos-en-procesos-asepticos\/\"},\"wordCount\":260,\"publisher\":{\"@id\":\"https:\/\/www.asinfarma.com\/seminario-expertos\/#organization\"},\"image\":{\"@id\":\"https:\/\/www.asinfarma.com\/seminario-expertos\/2026\/evaluar-priorizar-y-controlar-claves-actuales-de-la-gestion-de-riesgos-en-procesos-asepticos\/#primaryimage\"},\"thumbnailUrl\":\"https:\/\/www.asinfarma.com\/seminario-expertos\/wp-content\/uploads\/sites\/2\/2026\/01\/Elena-Tejada-350-150x150.jpg\",\"keywords\":[\"2026\"],\"inLanguage\":\"es\"},{\"@type\":\"WebPage\",\"@id\":\"https:\/\/www.asinfarma.com\/seminario-expertos\/2026\/evaluar-priorizar-y-controlar-claves-actuales-de-la-gestion-de-riesgos-en-procesos-asepticos\/\",\"url\":\"https:\/\/www.asinfarma.com\/seminario-expertos\/2026\/evaluar-priorizar-y-controlar-claves-actuales-de-la-gestion-de-riesgos-en-procesos-asepticos\/\",\"name\":\"Evaluar, priorizar y controlar: claves actuales de la gesti\u00f3n de riesgos en procesos as\u00e9pticos - Seminario de expertos\",\"isPartOf\":{\"@id\":\"https:\/\/www.asinfarma.com\/seminario-expertos\/#website\"},\"primaryImageOfPage\":{\"@id\":\"https:\/\/www.asinfarma.com\/seminario-expertos\/2026\/evaluar-priorizar-y-controlar-claves-actuales-de-la-gestion-de-riesgos-en-procesos-asepticos\/#primaryimage\"},\"image\":{\"@id\":\"https:\/\/www.asinfarma.com\/seminario-expertos\/2026\/evaluar-priorizar-y-controlar-claves-actuales-de-la-gestion-de-riesgos-en-procesos-asepticos\/#primaryimage\"},\"thumbnailUrl\":\"https:\/\/www.asinfarma.com\/seminario-expertos\/wp-content\/uploads\/sites\/2\/2026\/01\/Elena-Tejada-350-150x150.jpg\",\"datePublished\":\"2026-01-07T08:59:24+00:00\",\"dateModified\":\"2026-03-30T10:58:25+00:00\",\"description\":\"La versi\u00f3n definitiva del Anexo 1 exceptuando la disposici\u00f3n sobre frecuencia de esterilizaci\u00f3n de los liofilizadores, entra en vigor en agosto de 2024.\",\"inLanguage\":\"es\",\"potentialAction\":[{\"@type\":\"ReadAction\",\"target\":[\"https:\/\/www.asinfarma.com\/seminario-expertos\/2026\/evaluar-priorizar-y-controlar-claves-actuales-de-la-gestion-de-riesgos-en-procesos-asepticos\/\"]}]},{\"@type\":\"ImageObject\",\"inLanguage\":\"es\",\"@id\":\"https:\/\/www.asinfarma.com\/seminario-expertos\/2026\/evaluar-priorizar-y-controlar-claves-actuales-de-la-gestion-de-riesgos-en-procesos-asepticos\/#primaryimage\",\"url\":\"https:\/\/www.asinfarma.com\/seminario-expertos\/wp-content\/uploads\/sites\/2\/2026\/01\/Elena-Tejada-350.jpg\",\"contentUrl\":\"https:\/\/www.asinfarma.com\/seminario-expertos\/wp-content\/uploads\/sites\/2\/2026\/01\/Elena-Tejada-350.jpg\",\"width\":350,\"height\":350,\"caption\":\"Elena Tejada\"},{\"@type\":\"WebSite\",\"@id\":\"https:\/\/www.asinfarma.com\/seminario-expertos\/#website\",\"url\":\"https:\/\/www.asinfarma.com\/seminario-expertos\/\",\"name\":\"Seminario de expertos\",\"description\":\"\",\"publisher\":{\"@id\":\"https:\/\/www.asinfarma.com\/seminario-expertos\/#organization\"},\"potentialAction\":[{\"@type\":\"SearchAction\",\"target\":{\"@type\":\"EntryPoint\",\"urlTemplate\":\"https:\/\/www.asinfarma.com\/seminario-expertos\/?s={search_term_string}\"},\"query-input\":{\"@type\":\"PropertyValueSpecification\",\"valueRequired\":true,\"valueName\":\"search_term_string\"}}],\"inLanguage\":\"es\"},{\"@type\":\"Organization\",\"@id\":\"https:\/\/www.asinfarma.com\/seminario-expertos\/#organization\",\"name\":\"Seminario de expertos\",\"url\":\"https:\/\/www.asinfarma.com\/seminario-expertos\/\",\"logo\":{\"@type\":\"ImageObject\",\"inLanguage\":\"es\",\"@id\":\"https:\/\/www.asinfarma.com\/seminario-expertos\/#\/schema\/logo\/image\/\",\"url\":\"https:\/\/www.asinfarma.com\/seminario-expertos\/wp-content\/uploads\/sites\/2\/2025\/02\/logo-seminario-expertos_color.svg\",\"contentUrl\":\"https:\/\/www.asinfarma.com\/seminario-expertos\/wp-content\/uploads\/sites\/2\/2025\/02\/logo-seminario-expertos_color.svg\",\"caption\":\"Seminario de expertos\"},\"image\":{\"@id\":\"https:\/\/www.asinfarma.com\/seminario-expertos\/#\/schema\/logo\/image\/\"}},{\"@type\":\"Person\",\"@id\":\"https:\/\/www.asinfarma.com\/seminario-expertos\/#\/schema\/person\/de0adbd7b7d88b8867bb21dec5260ebd\",\"name\":\"Grupo Asinfarma\",\"image\":{\"@type\":\"ImageObject\",\"inLanguage\":\"es\",\"@id\":\"https:\/\/www.asinfarma.com\/seminario-expertos\/#\/schema\/person\/image\/\",\"url\":\"https:\/\/secure.gravatar.com\/avatar\/8258fd76b5da8a5c6cf6075c6e25461303a3a3b17f6b1207586d5cc0dcae5aec?s=96&d=mm&r=g\",\"contentUrl\":\"https:\/\/secure.gravatar.com\/avatar\/8258fd76b5da8a5c6cf6075c6e25461303a3a3b17f6b1207586d5cc0dcae5aec?s=96&d=mm&r=g\",\"caption\":\"Grupo Asinfarma\"},\"description\":\"Farmac\u00e9utico por la Universidad de Buenos Aires y Especialista en Farmacia Industrial y Gal\u00e9nica por la Universidad de Barcelona, con m\u00e1s de 35 a\u00f1os de experiencia en industria farmac\u00e9utica, en laboratorios de primer nivel, nacionales y multinacionales, en \u00e1reas de I+D, Control de Calidad, Producci\u00f3n, Ingenier\u00eda, Garant\u00eda de Calidad y Direcci\u00f3n T\u00e9cnica.\",\"sameAs\":[\"https:\/\/www.fernandotazon.com.es\",\"https:\/\/x.com\/https:\/\/twitter.com\/fernandotazon\"],\"url\":\"https:\/\/www.asinfarma.com\/seminario-expertos\/author\/fernando\/\"}]}<\/script>\n<!-- \/ Yoast SEO plugin. -->","yoast_head_json":{"title":"Evaluar, priorizar y controlar: claves actuales de la gesti\u00f3n de riesgos en procesos as\u00e9pticos - Seminario de expertos","description":"La versi\u00f3n definitiva del Anexo 1 exceptuando la disposici\u00f3n sobre frecuencia de esterilizaci\u00f3n de los liofilizadores, entra en vigor en agosto de 2024.","robots":{"index":"index","follow":"follow","max-snippet":"max-snippet:-1","max-image-preview":"max-image-preview:large","max-video-preview":"max-video-preview:-1"},"canonical":"https:\/\/www.asinfarma.com\/seminario-expertos\/2026\/evaluar-priorizar-y-controlar-claves-actuales-de-la-gestion-de-riesgos-en-procesos-asepticos\/","og_locale":"es_ES","og_type":"article","og_title":"Evaluar, priorizar y controlar: claves actuales de la gesti\u00f3n de riesgos en procesos as\u00e9pticos - Seminario de expertos","og_description":"La versi\u00f3n definitiva del Anexo 1 exceptuando la disposici\u00f3n sobre frecuencia de esterilizaci\u00f3n de los liofilizadores, entra en vigor en agosto de 2024.","og_url":"https:\/\/www.asinfarma.com\/seminario-expertos\/2026\/evaluar-priorizar-y-controlar-claves-actuales-de-la-gestion-de-riesgos-en-procesos-asepticos\/","og_site_name":"Seminario de expertos","article_published_time":"2026-01-07T08:59:24+00:00","article_modified_time":"2026-03-30T10:58:25+00:00","og_image":[{"width":350,"height":350,"url":"https:\/\/www.asinfarma.com\/seminario-expertos\/wp-content\/uploads\/sites\/2\/2026\/01\/Elena-Tejada-350.jpg","type":"image\/jpeg"}],"author":"Grupo Asinfarma","twitter_card":"summary_large_image","twitter_creator":"@https:\/\/twitter.com\/fernandotazon","twitter_misc":{"Escrito por":"Grupo Asinfarma","Tiempo de lectura":"2 minutos"},"schema":{"@context":"https:\/\/schema.org","@graph":[{"@type":"Article","@id":"https:\/\/www.asinfarma.com\/seminario-expertos\/2026\/evaluar-priorizar-y-controlar-claves-actuales-de-la-gestion-de-riesgos-en-procesos-asepticos\/#article","isPartOf":{"@id":"https:\/\/www.asinfarma.com\/seminario-expertos\/2026\/evaluar-priorizar-y-controlar-claves-actuales-de-la-gestion-de-riesgos-en-procesos-asepticos\/"},"author":{"name":"Grupo Asinfarma","@id":"https:\/\/www.asinfarma.com\/seminario-expertos\/#\/schema\/person\/de0adbd7b7d88b8867bb21dec5260ebd"},"headline":"Evaluar, priorizar y controlar: claves actuales de la gesti\u00f3n de riesgos en procesos as\u00e9pticos","datePublished":"2026-01-07T08:59:24+00:00","dateModified":"2026-03-30T10:58:25+00:00","mainEntityOfPage":{"@id":"https:\/\/www.asinfarma.com\/seminario-expertos\/2026\/evaluar-priorizar-y-controlar-claves-actuales-de-la-gestion-de-riesgos-en-procesos-asepticos\/"},"wordCount":260,"publisher":{"@id":"https:\/\/www.asinfarma.com\/seminario-expertos\/#organization"},"image":{"@id":"https:\/\/www.asinfarma.com\/seminario-expertos\/2026\/evaluar-priorizar-y-controlar-claves-actuales-de-la-gestion-de-riesgos-en-procesos-asepticos\/#primaryimage"},"thumbnailUrl":"https:\/\/www.asinfarma.com\/seminario-expertos\/wp-content\/uploads\/sites\/2\/2026\/01\/Elena-Tejada-350-150x150.jpg","keywords":["2026"],"inLanguage":"es"},{"@type":"WebPage","@id":"https:\/\/www.asinfarma.com\/seminario-expertos\/2026\/evaluar-priorizar-y-controlar-claves-actuales-de-la-gestion-de-riesgos-en-procesos-asepticos\/","url":"https:\/\/www.asinfarma.com\/seminario-expertos\/2026\/evaluar-priorizar-y-controlar-claves-actuales-de-la-gestion-de-riesgos-en-procesos-asepticos\/","name":"Evaluar, priorizar y controlar: claves actuales de la gesti\u00f3n de riesgos en procesos as\u00e9pticos - Seminario de expertos","isPartOf":{"@id":"https:\/\/www.asinfarma.com\/seminario-expertos\/#website"},"primaryImageOfPage":{"@id":"https:\/\/www.asinfarma.com\/seminario-expertos\/2026\/evaluar-priorizar-y-controlar-claves-actuales-de-la-gestion-de-riesgos-en-procesos-asepticos\/#primaryimage"},"image":{"@id":"https:\/\/www.asinfarma.com\/seminario-expertos\/2026\/evaluar-priorizar-y-controlar-claves-actuales-de-la-gestion-de-riesgos-en-procesos-asepticos\/#primaryimage"},"thumbnailUrl":"https:\/\/www.asinfarma.com\/seminario-expertos\/wp-content\/uploads\/sites\/2\/2026\/01\/Elena-Tejada-350-150x150.jpg","datePublished":"2026-01-07T08:59:24+00:00","dateModified":"2026-03-30T10:58:25+00:00","description":"La versi\u00f3n definitiva del Anexo 1 exceptuando la disposici\u00f3n sobre frecuencia de esterilizaci\u00f3n de los liofilizadores, entra en vigor en agosto de 2024.","inLanguage":"es","potentialAction":[{"@type":"ReadAction","target":["https:\/\/www.asinfarma.com\/seminario-expertos\/2026\/evaluar-priorizar-y-controlar-claves-actuales-de-la-gestion-de-riesgos-en-procesos-asepticos\/"]}]},{"@type":"ImageObject","inLanguage":"es","@id":"https:\/\/www.asinfarma.com\/seminario-expertos\/2026\/evaluar-priorizar-y-controlar-claves-actuales-de-la-gestion-de-riesgos-en-procesos-asepticos\/#primaryimage","url":"https:\/\/www.asinfarma.com\/seminario-expertos\/wp-content\/uploads\/sites\/2\/2026\/01\/Elena-Tejada-350.jpg","contentUrl":"https:\/\/www.asinfarma.com\/seminario-expertos\/wp-content\/uploads\/sites\/2\/2026\/01\/Elena-Tejada-350.jpg","width":350,"height":350,"caption":"Elena Tejada"},{"@type":"WebSite","@id":"https:\/\/www.asinfarma.com\/seminario-expertos\/#website","url":"https:\/\/www.asinfarma.com\/seminario-expertos\/","name":"Seminario de expertos","description":"","publisher":{"@id":"https:\/\/www.asinfarma.com\/seminario-expertos\/#organization"},"potentialAction":[{"@type":"SearchAction","target":{"@type":"EntryPoint","urlTemplate":"https:\/\/www.asinfarma.com\/seminario-expertos\/?s={search_term_string}"},"query-input":{"@type":"PropertyValueSpecification","valueRequired":true,"valueName":"search_term_string"}}],"inLanguage":"es"},{"@type":"Organization","@id":"https:\/\/www.asinfarma.com\/seminario-expertos\/#organization","name":"Seminario de expertos","url":"https:\/\/www.asinfarma.com\/seminario-expertos\/","logo":{"@type":"ImageObject","inLanguage":"es","@id":"https:\/\/www.asinfarma.com\/seminario-expertos\/#\/schema\/logo\/image\/","url":"https:\/\/www.asinfarma.com\/seminario-expertos\/wp-content\/uploads\/sites\/2\/2025\/02\/logo-seminario-expertos_color.svg","contentUrl":"https:\/\/www.asinfarma.com\/seminario-expertos\/wp-content\/uploads\/sites\/2\/2025\/02\/logo-seminario-expertos_color.svg","caption":"Seminario de expertos"},"image":{"@id":"https:\/\/www.asinfarma.com\/seminario-expertos\/#\/schema\/logo\/image\/"}},{"@type":"Person","@id":"https:\/\/www.asinfarma.com\/seminario-expertos\/#\/schema\/person\/de0adbd7b7d88b8867bb21dec5260ebd","name":"Grupo Asinfarma","image":{"@type":"ImageObject","inLanguage":"es","@id":"https:\/\/www.asinfarma.com\/seminario-expertos\/#\/schema\/person\/image\/","url":"https:\/\/secure.gravatar.com\/avatar\/8258fd76b5da8a5c6cf6075c6e25461303a3a3b17f6b1207586d5cc0dcae5aec?s=96&d=mm&r=g","contentUrl":"https:\/\/secure.gravatar.com\/avatar\/8258fd76b5da8a5c6cf6075c6e25461303a3a3b17f6b1207586d5cc0dcae5aec?s=96&d=mm&r=g","caption":"Grupo Asinfarma"},"description":"Farmac\u00e9utico por la Universidad de Buenos Aires y Especialista en Farmacia Industrial y Gal\u00e9nica por la Universidad de Barcelona, con m\u00e1s de 35 a\u00f1os de experiencia en industria farmac\u00e9utica, en laboratorios de primer nivel, nacionales y multinacionales, en \u00e1reas de I+D, Control de Calidad, Producci\u00f3n, Ingenier\u00eda, Garant\u00eda de Calidad y Direcci\u00f3n T\u00e9cnica.","sameAs":["https:\/\/www.fernandotazon.com.es","https:\/\/x.com\/https:\/\/twitter.com\/fernandotazon"],"url":"https:\/\/www.asinfarma.com\/seminario-expertos\/author\/fernando\/"}]}},"_links":{"self":[{"href":"https:\/\/www.asinfarma.com\/seminario-expertos\/wp-json\/wp\/v2\/posts\/823","targetHints":{"allow":["GET"]}}],"collection":[{"href":"https:\/\/www.asinfarma.com\/seminario-expertos\/wp-json\/wp\/v2\/posts"}],"about":[{"href":"https:\/\/www.asinfarma.com\/seminario-expertos\/wp-json\/wp\/v2\/types\/post"}],"author":[{"embeddable":true,"href":"https:\/\/www.asinfarma.com\/seminario-expertos\/wp-json\/wp\/v2\/users\/3"}],"replies":[{"embeddable":true,"href":"https:\/\/www.asinfarma.com\/seminario-expertos\/wp-json\/wp\/v2\/comments?post=823"}],"version-history":[{"count":4,"href":"https:\/\/www.asinfarma.com\/seminario-expertos\/wp-json\/wp\/v2\/posts\/823\/revisions"}],"predecessor-version":[{"id":905,"href":"https:\/\/www.asinfarma.com\/seminario-expertos\/wp-json\/wp\/v2\/posts\/823\/revisions\/905"}],"wp:attachment":[{"href":"https:\/\/www.asinfarma.com\/seminario-expertos\/wp-json\/wp\/v2\/media?parent=823"}],"wp:term":[{"taxonomy":"category","embeddable":true,"href":"https:\/\/www.asinfarma.com\/seminario-expertos\/wp-json\/wp\/v2\/categories?post=823"},{"taxonomy":"post_tag","embeddable":true,"href":"https:\/\/www.asinfarma.com\/seminario-expertos\/wp-json\/wp\/v2\/tags?post=823"}],"curies":[{"name":"wp","href":"https:\/\/api.w.org\/{rel}","templated":true}]}}